{"id":3422,"date":"2025-10-20T07:30:00","date_gmt":"2025-10-20T11:30:00","guid":{"rendered":"https:\/\/isokan.eu\/?p=3422"},"modified":"2025-11-07T18:34:27","modified_gmt":"2025-11-07T22:34:27","slug":"trophees-silver-eco-a-cannes","status":"publish","type":"post","link":"https:\/\/isokan.eu\/index.php\/2025\/10\/20\/trophees-silver-eco-a-cannes\/","title":{"rendered":"Troph\u00e9es Silver Eco \u00e0 Cannes"},"content":{"rendered":"\t\t<div data-elementor-type=\"wp-post\" data-elementor-id=\"3422\" class=\"elementor elementor-3422\" data-elementor-post-type=\"post\">\n\t\t\t\t\t\t<section class=\"elementor-section elementor-top-section elementor-element elementor-element-97302a7 elementor-section-boxed elementor-section-height-default elementor-section-height-default\" data-id=\"97302a7\" data-element_type=\"section\">\n\t\t\t\t\t\t<div class=\"elementor-container elementor-column-gap-default\">\n\t\t\t\t\t<div class=\"elementor-column elementor-col-100 elementor-top-column elementor-element elementor-element-0ef6081\" data-id=\"0ef6081\" data-element_type=\"column\">\n\t\t\t<div class=\"elementor-widget-wrap elementor-element-populated\">\n\t\t\t\t\t\t<div class=\"elementor-element elementor-element-4a79160 elementor-widget elementor-widget-text-editor\" data-id=\"4a79160\" data-element_type=\"widget\" data-widget_type=\"text-editor.default\">\n\t\t\t\t<div class=\"elementor-widget-container\">\n\t\t\t\t\t\t\t\t\t<p><b>ISOKAN <\/b>participe au <b>Salon international SilverEco<\/b><span style=\"font-weight: 400;\"> qui se tiendra du 20 au 21 octobre 2025 au Palais des Festivals de Cannes. Ce salon est organis\u00e9 par Silvereco.org, le portail national de la Silver \u00e9conomie sous le patronage des Minist\u00e8res en charge du pilotage de la fili\u00e8re Silver \u00e9conomique et du bien-vieillir. <\/span><\/p><p><span style=\"font-weight: 400;\">Plus de d\u00e9tails ici : <\/span><a href=\"https:\/\/www.silvereco.org\/festival\/fr\/\"><span style=\"font-weight: 400;\">https:\/\/www.silvereco.org\/festival\/fr\/<\/span><\/a><\/p><p><span style=\"font-weight: 400;\">\u00c0 cette occasion, nous sommes \u00e9galement nomin\u00e9s pour le concours de start-up<\/span><b> \u00ab Troph\u00e9es SilverEco \u00bb<\/b><span style=\"font-weight: 400;\">, mettant en avant les initiatives innovantes dans le domaine de la silver \u00e9conomie. Suite \u00e0 notre candidature en mai dernier, nous avons \u00e9t\u00e9 s\u00e9lectionn\u00e9 pour participer \u00e0 la grande finale dans la cat\u00e9gorie \u00ab\u00a0Interg\u00e9n\u00e9rationnelle\u00a0\u00bb : <\/span><a href=\"https:\/\/www.silvereco.org\/festival\/fr\/les-nomines-cat\/\"><span style=\"font-weight: 400;\">https:\/\/www.silvereco.org\/festival\/fr\/les-nomines-cat\/<\/span><\/a><\/p><p><span style=\"font-weight: 400;\">Cet \u00e9v\u00e9nement majeur d\u00e9di\u00e9 \u00e0 la silver \u00e9conomie repr\u00e9sente une opportunit\u00e9 unique de valoriser l&rsquo;innovation Guadeloup\u00e9enne sur la sc\u00e8ne nationale et internationale.<\/span><\/p><p><span style=\"font-weight: 400;\">Ce d\u00e9placement constitue donc une opportunit\u00e9 strat\u00e9gique pour d\u00e9velopper des partenariats, renforcer la visibilit\u00e9 de nos solutions aupr\u00e8s d\u2019acteurs nationaux et internationaux, et, positionner notre entreprise guadeloup\u00e9enne sur le march\u00e9 de l\u2019innovation d\u00e9di\u00e9e aux seniors.<\/span><\/p>\t\t\t\t\t\t\t\t<\/div>\n\t\t\t\t<\/div>\n\t\t\t\t<div class=\"elementor-element elementor-element-8f3e210 elementor-widget elementor-widget-image\" data-id=\"8f3e210\" data-element_type=\"widget\" data-widget_type=\"image.default\">\n\t\t\t\t<div class=\"elementor-widget-container\">\n\t\t\t\t\t\t\t\t\t\t\t\t\t\t\t<img fetchpriority=\"high\" decoding=\"async\" width=\"2560\" height=\"2560\" src=\"https:\/\/isokan.eu\/wp-content\/uploads\/2025\/10\/TSE-Isokan-scaled.jpg\" class=\"attachment-full size-full wp-image-3425\" alt=\"\" srcset=\"https:\/\/isokan.eu\/wp-content\/uploads\/2025\/10\/TSE-Isokan-scaled.jpg 2560w, https:\/\/isokan.eu\/wp-content\/uploads\/2025\/10\/TSE-Isokan-300x300.jpg 300w, https:\/\/isokan.eu\/wp-content\/uploads\/2025\/10\/TSE-Isokan-1024x1024.jpg 1024w, https:\/\/isokan.eu\/wp-content\/uploads\/2025\/10\/TSE-Isokan-150x150.jpg 150w, https:\/\/isokan.eu\/wp-content\/uploads\/2025\/10\/TSE-Isokan-768x768.jpg 768w, https:\/\/isokan.eu\/wp-content\/uploads\/2025\/10\/TSE-Isokan-1536x1536.jpg 1536w, https:\/\/isokan.eu\/wp-content\/uploads\/2025\/10\/TSE-Isokan-2048x2048.jpg 2048w, https:\/\/isokan.eu\/wp-content\/uploads\/2025\/10\/TSE-Isokan-80x80.jpg 80w, https:\/\/isokan.eu\/wp-content\/uploads\/2025\/10\/TSE-Isokan-600x600.jpg 600w, https:\/\/isokan.eu\/wp-content\/uploads\/2025\/10\/TSE-Isokan-100x100.jpg 100w\" sizes=\"(max-width: 2560px) 100vw, 2560px\" \/>\t\t\t\t\t\t\t\t\t\t\t\t\t\t\t<\/div>\n\t\t\t\t<\/div>\n\t\t\t\t\t<\/div>\n\t\t<\/div>\n\t\t\t\t\t<\/div>\n\t\t<\/section>\n\t\t\t\t<\/div>\n\t\t","protected":false},"excerpt":{"rendered":"<p>ISOKAN participe au Salon international SilverEco qui se tiendra du 20 au 21 octobre 2025 au Palais des Festivals de Cannes. Ce salon est organis\u00e9 par Silvereco.org, le portail national de la Silver \u00e9conomie sous le patronage des Minist\u00e8res en charge du pilotage de la fili\u00e8re Silver \u00e9conomique et du bien-vieillir. Plus de d\u00e9tails ici [&hellip;]<\/p>\n","protected":false},"author":1,"featured_media":3424,"comment_status":"closed","ping_status":"closed","sticky":false,"template":"","format":"standard","meta":{"footnotes":""},"categories":[1],"tags":[],"class_list":["post-3422","post","type-post","status-publish","format-standard","has-post-thumbnail","hentry","category-non-classe"],"yoast_head":"<!-- This site is optimized with the Yoast SEO plugin v26.3 - https:\/\/yoast.com\/wordpress\/plugins\/seo\/ -->\n<title>Troph\u00e9es Silver Eco \u00e0 Cannes - ISOKAN<\/title>\n<meta name=\"robots\" content=\"index, follow, max-snippet:-1, max-image-preview:large, max-video-preview:-1\" \/>\n<link rel=\"canonical\" href=\"https:\/\/isokan.eu\/index.php\/2025\/10\/20\/trophees-silver-eco-a-cannes\/\" \/>\n<meta property=\"og:locale\" content=\"fr_FR\" \/>\n<meta property=\"og:type\" content=\"article\" \/>\n<meta property=\"og:title\" content=\"Troph\u00e9es Silver Eco \u00e0 Cannes - ISOKAN\" \/>\n<meta property=\"og:description\" content=\"ISOKAN participe au Salon international SilverEco qui se tiendra du 20 au 21 octobre 2025 au Palais des Festivals de Cannes. Ce salon est organis\u00e9 par Silvereco.org, le portail national de la Silver \u00e9conomie sous le patronage des Minist\u00e8res en charge du pilotage de la fili\u00e8re Silver \u00e9conomique et du bien-vieillir. Plus de d\u00e9tails ici [&hellip;]\" \/>\n<meta property=\"og:url\" content=\"https:\/\/isokan.eu\/index.php\/2025\/10\/20\/trophees-silver-eco-a-cannes\/\" \/>\n<meta property=\"og:site_name\" content=\"ISOKAN\" \/>\n<meta property=\"article:published_time\" content=\"2025-10-20T11:30:00+00:00\" \/>\n<meta property=\"article:modified_time\" content=\"2025-11-07T22:34:27+00:00\" \/>\n<meta property=\"og:image\" content=\"https:\/\/isokan.eu\/wp-content\/uploads\/2025\/10\/trophees-silver-eco-scaled.jpg\" \/>\n\t<meta property=\"og:image:width\" content=\"2560\" \/>\n\t<meta property=\"og:image:height\" content=\"2560\" \/>\n\t<meta property=\"og:image:type\" content=\"image\/jpeg\" \/>\n<meta name=\"author\" content=\"admin2541\" \/>\n<meta name=\"twitter:card\" content=\"summary_large_image\" \/>\n<meta name=\"twitter:label1\" content=\"\u00c9crit par\" \/>\n\t<meta name=\"twitter:data1\" content=\"admin2541\" \/>\n\t<meta name=\"twitter:label2\" content=\"Dur\u00e9e de lecture estim\u00e9e\" \/>\n\t<meta name=\"twitter:data2\" content=\"2 minutes\" \/>\n<script type=\"application\/ld+json\" class=\"yoast-schema-graph\">{\"@context\":\"https:\/\/schema.org\",\"@graph\":[{\"@type\":\"Article\",\"@id\":\"https:\/\/isokan.eu\/index.php\/2025\/10\/20\/trophees-silver-eco-a-cannes\/#article\",\"isPartOf\":{\"@id\":\"https:\/\/isokan.eu\/index.php\/2025\/10\/20\/trophees-silver-eco-a-cannes\/\"},\"author\":{\"name\":\"admin2541\",\"@id\":\"https:\/\/isokan.eu\/#\/schema\/person\/40082719f60b29e76f10efbc1141fd95\"},\"headline\":\"Troph\u00e9es Silver Eco \u00e0 Cannes\",\"datePublished\":\"2025-10-20T11:30:00+00:00\",\"dateModified\":\"2025-11-07T22:34:27+00:00\",\"mainEntityOfPage\":{\"@id\":\"https:\/\/isokan.eu\/index.php\/2025\/10\/20\/trophees-silver-eco-a-cannes\/\"},\"wordCount\":196,\"publisher\":{\"@id\":\"https:\/\/isokan.eu\/#organization\"},\"image\":{\"@id\":\"https:\/\/isokan.eu\/index.php\/2025\/10\/20\/trophees-silver-eco-a-cannes\/#primaryimage\"},\"thumbnailUrl\":\"https:\/\/isokan.eu\/wp-content\/uploads\/2025\/10\/trophees-silver-eco-scaled.jpg\",\"inLanguage\":\"fr-FR\"},{\"@type\":\"WebPage\",\"@id\":\"https:\/\/isokan.eu\/index.php\/2025\/10\/20\/trophees-silver-eco-a-cannes\/\",\"url\":\"https:\/\/isokan.eu\/index.php\/2025\/10\/20\/trophees-silver-eco-a-cannes\/\",\"name\":\"Troph\u00e9es Silver Eco \u00e0 Cannes - ISOKAN\",\"isPartOf\":{\"@id\":\"https:\/\/isokan.eu\/#website\"},\"primaryImageOfPage\":{\"@id\":\"https:\/\/isokan.eu\/index.php\/2025\/10\/20\/trophees-silver-eco-a-cannes\/#primaryimage\"},\"image\":{\"@id\":\"https:\/\/isokan.eu\/index.php\/2025\/10\/20\/trophees-silver-eco-a-cannes\/#primaryimage\"},\"thumbnailUrl\":\"https:\/\/isokan.eu\/wp-content\/uploads\/2025\/10\/trophees-silver-eco-scaled.jpg\",\"datePublished\":\"2025-10-20T11:30:00+00:00\",\"dateModified\":\"2025-11-07T22:34:27+00:00\",\"breadcrumb\":{\"@id\":\"https:\/\/isokan.eu\/index.php\/2025\/10\/20\/trophees-silver-eco-a-cannes\/#breadcrumb\"},\"inLanguage\":\"fr-FR\",\"potentialAction\":[{\"@type\":\"ReadAction\",\"target\":[\"https:\/\/isokan.eu\/index.php\/2025\/10\/20\/trophees-silver-eco-a-cannes\/\"]}]},{\"@type\":\"ImageObject\",\"inLanguage\":\"fr-FR\",\"@id\":\"https:\/\/isokan.eu\/index.php\/2025\/10\/20\/trophees-silver-eco-a-cannes\/#primaryimage\",\"url\":\"https:\/\/isokan.eu\/wp-content\/uploads\/2025\/10\/trophees-silver-eco-scaled.jpg\",\"contentUrl\":\"https:\/\/isokan.eu\/wp-content\/uploads\/2025\/10\/trophees-silver-eco-scaled.jpg\",\"width\":2560,\"height\":2560},{\"@type\":\"BreadcrumbList\",\"@id\":\"https:\/\/isokan.eu\/index.php\/2025\/10\/20\/trophees-silver-eco-a-cannes\/#breadcrumb\",\"itemListElement\":[{\"@type\":\"ListItem\",\"position\":1,\"name\":\"Accueil\",\"item\":\"https:\/\/isokan.eu\/\"},{\"@type\":\"ListItem\",\"position\":2,\"name\":\"Troph\u00e9es Silver Eco \u00e0 Cannes\"}]},{\"@type\":\"WebSite\",\"@id\":\"https:\/\/isokan.eu\/#website\",\"url\":\"https:\/\/isokan.eu\/\",\"name\":\"ISOKAN\",\"description\":\"L&#039;informatique interg\u00e9n\u00e9rationnelle\",\"publisher\":{\"@id\":\"https:\/\/isokan.eu\/#organization\"},\"potentialAction\":[{\"@type\":\"SearchAction\",\"target\":{\"@type\":\"EntryPoint\",\"urlTemplate\":\"https:\/\/isokan.eu\/?s={search_term_string}\"},\"query-input\":{\"@type\":\"PropertyValueSpecification\",\"valueRequired\":true,\"valueName\":\"search_term_string\"}}],\"inLanguage\":\"fr-FR\"},{\"@type\":\"Organization\",\"@id\":\"https:\/\/isokan.eu\/#organization\",\"name\":\"ISOKAN\",\"url\":\"https:\/\/isokan.eu\/\",\"logo\":{\"@type\":\"ImageObject\",\"inLanguage\":\"fr-FR\",\"@id\":\"https:\/\/isokan.eu\/#\/schema\/logo\/image\/\",\"url\":\"https:\/\/isokan.eu\/wp-content\/uploads\/2021\/09\/Logo-Isokan.png\",\"contentUrl\":\"https:\/\/isokan.eu\/wp-content\/uploads\/2021\/09\/Logo-Isokan.png\",\"width\":4267,\"height\":2134,\"caption\":\"ISOKAN\"},\"image\":{\"@id\":\"https:\/\/isokan.eu\/#\/schema\/logo\/image\/\"}},{\"@type\":\"Person\",\"@id\":\"https:\/\/isokan.eu\/#\/schema\/person\/40082719f60b29e76f10efbc1141fd95\",\"name\":\"admin2541\",\"image\":{\"@type\":\"ImageObject\",\"inLanguage\":\"fr-FR\",\"@id\":\"https:\/\/isokan.eu\/#\/schema\/person\/image\/\",\"url\":\"https:\/\/secure.gravatar.com\/avatar\/68c4c3f579024d21efe60bc666373b5fd9b4ad238c9b8a28cf1ff15748fe31a9?s=96&d=mm&r=g\",\"contentUrl\":\"https:\/\/secure.gravatar.com\/avatar\/68c4c3f579024d21efe60bc666373b5fd9b4ad238c9b8a28cf1ff15748fe31a9?s=96&d=mm&r=g\",\"caption\":\"admin2541\"},\"sameAs\":[\"https:\/\/isokan.eu\"],\"url\":\"https:\/\/isokan.eu\/index.php\/author\/admin2541\/\"}]}<\/script>\n<!-- \/ Yoast SEO plugin. -->","yoast_head_json":{"title":"Troph\u00e9es Silver Eco \u00e0 Cannes - ISOKAN","robots":{"index":"index","follow":"follow","max-snippet":"max-snippet:-1","max-image-preview":"max-image-preview:large","max-video-preview":"max-video-preview:-1"},"canonical":"https:\/\/isokan.eu\/index.php\/2025\/10\/20\/trophees-silver-eco-a-cannes\/","og_locale":"fr_FR","og_type":"article","og_title":"Troph\u00e9es Silver Eco \u00e0 Cannes - ISOKAN","og_description":"ISOKAN participe au Salon international SilverEco qui se tiendra du 20 au 21 octobre 2025 au Palais des Festivals de Cannes. Ce salon est organis\u00e9 par Silvereco.org, le portail national de la Silver \u00e9conomie sous le patronage des Minist\u00e8res en charge du pilotage de la fili\u00e8re Silver \u00e9conomique et du bien-vieillir. Plus de d\u00e9tails ici [&hellip;]","og_url":"https:\/\/isokan.eu\/index.php\/2025\/10\/20\/trophees-silver-eco-a-cannes\/","og_site_name":"ISOKAN","article_published_time":"2025-10-20T11:30:00+00:00","article_modified_time":"2025-11-07T22:34:27+00:00","og_image":[{"width":2560,"height":2560,"url":"https:\/\/isokan.eu\/wp-content\/uploads\/2025\/10\/trophees-silver-eco-scaled.jpg","type":"image\/jpeg"}],"author":"admin2541","twitter_card":"summary_large_image","twitter_misc":{"\u00c9crit par":"admin2541","Dur\u00e9e de lecture estim\u00e9e":"2 minutes"},"schema":{"@context":"https:\/\/schema.org","@graph":[{"@type":"Article","@id":"https:\/\/isokan.eu\/index.php\/2025\/10\/20\/trophees-silver-eco-a-cannes\/#article","isPartOf":{"@id":"https:\/\/isokan.eu\/index.php\/2025\/10\/20\/trophees-silver-eco-a-cannes\/"},"author":{"name":"admin2541","@id":"https:\/\/isokan.eu\/#\/schema\/person\/40082719f60b29e76f10efbc1141fd95"},"headline":"Troph\u00e9es Silver Eco \u00e0 Cannes","datePublished":"2025-10-20T11:30:00+00:00","dateModified":"2025-11-07T22:34:27+00:00","mainEntityOfPage":{"@id":"https:\/\/isokan.eu\/index.php\/2025\/10\/20\/trophees-silver-eco-a-cannes\/"},"wordCount":196,"publisher":{"@id":"https:\/\/isokan.eu\/#organization"},"image":{"@id":"https:\/\/isokan.eu\/index.php\/2025\/10\/20\/trophees-silver-eco-a-cannes\/#primaryimage"},"thumbnailUrl":"https:\/\/isokan.eu\/wp-content\/uploads\/2025\/10\/trophees-silver-eco-scaled.jpg","inLanguage":"fr-FR"},{"@type":"WebPage","@id":"https:\/\/isokan.eu\/index.php\/2025\/10\/20\/trophees-silver-eco-a-cannes\/","url":"https:\/\/isokan.eu\/index.php\/2025\/10\/20\/trophees-silver-eco-a-cannes\/","name":"Troph\u00e9es Silver Eco \u00e0 Cannes - ISOKAN","isPartOf":{"@id":"https:\/\/isokan.eu\/#website"},"primaryImageOfPage":{"@id":"https:\/\/isokan.eu\/index.php\/2025\/10\/20\/trophees-silver-eco-a-cannes\/#primaryimage"},"image":{"@id":"https:\/\/isokan.eu\/index.php\/2025\/10\/20\/trophees-silver-eco-a-cannes\/#primaryimage"},"thumbnailUrl":"https:\/\/isokan.eu\/wp-content\/uploads\/2025\/10\/trophees-silver-eco-scaled.jpg","datePublished":"2025-10-20T11:30:00+00:00","dateModified":"2025-11-07T22:34:27+00:00","breadcrumb":{"@id":"https:\/\/isokan.eu\/index.php\/2025\/10\/20\/trophees-silver-eco-a-cannes\/#breadcrumb"},"inLanguage":"fr-FR","potentialAction":[{"@type":"ReadAction","target":["https:\/\/isokan.eu\/index.php\/2025\/10\/20\/trophees-silver-eco-a-cannes\/"]}]},{"@type":"ImageObject","inLanguage":"fr-FR","@id":"https:\/\/isokan.eu\/index.php\/2025\/10\/20\/trophees-silver-eco-a-cannes\/#primaryimage","url":"https:\/\/isokan.eu\/wp-content\/uploads\/2025\/10\/trophees-silver-eco-scaled.jpg","contentUrl":"https:\/\/isokan.eu\/wp-content\/uploads\/2025\/10\/trophees-silver-eco-scaled.jpg","width":2560,"height":2560},{"@type":"BreadcrumbList","@id":"https:\/\/isokan.eu\/index.php\/2025\/10\/20\/trophees-silver-eco-a-cannes\/#breadcrumb","itemListElement":[{"@type":"ListItem","position":1,"name":"Accueil","item":"https:\/\/isokan.eu\/"},{"@type":"ListItem","position":2,"name":"Troph\u00e9es Silver Eco \u00e0 Cannes"}]},{"@type":"WebSite","@id":"https:\/\/isokan.eu\/#website","url":"https:\/\/isokan.eu\/","name":"ISOKAN","description":"L&#039;informatique interg\u00e9n\u00e9rationnelle","publisher":{"@id":"https:\/\/isokan.eu\/#organization"},"potentialAction":[{"@type":"SearchAction","target":{"@type":"EntryPoint","urlTemplate":"https:\/\/isokan.eu\/?s={search_term_string}"},"query-input":{"@type":"PropertyValueSpecification","valueRequired":true,"valueName":"search_term_string"}}],"inLanguage":"fr-FR"},{"@type":"Organization","@id":"https:\/\/isokan.eu\/#organization","name":"ISOKAN","url":"https:\/\/isokan.eu\/","logo":{"@type":"ImageObject","inLanguage":"fr-FR","@id":"https:\/\/isokan.eu\/#\/schema\/logo\/image\/","url":"https:\/\/isokan.eu\/wp-content\/uploads\/2021\/09\/Logo-Isokan.png","contentUrl":"https:\/\/isokan.eu\/wp-content\/uploads\/2021\/09\/Logo-Isokan.png","width":4267,"height":2134,"caption":"ISOKAN"},"image":{"@id":"https:\/\/isokan.eu\/#\/schema\/logo\/image\/"}},{"@type":"Person","@id":"https:\/\/isokan.eu\/#\/schema\/person\/40082719f60b29e76f10efbc1141fd95","name":"admin2541","image":{"@type":"ImageObject","inLanguage":"fr-FR","@id":"https:\/\/isokan.eu\/#\/schema\/person\/image\/","url":"https:\/\/secure.gravatar.com\/avatar\/68c4c3f579024d21efe60bc666373b5fd9b4ad238c9b8a28cf1ff15748fe31a9?s=96&d=mm&r=g","contentUrl":"https:\/\/secure.gravatar.com\/avatar\/68c4c3f579024d21efe60bc666373b5fd9b4ad238c9b8a28cf1ff15748fe31a9?s=96&d=mm&r=g","caption":"admin2541"},"sameAs":["https:\/\/isokan.eu"],"url":"https:\/\/isokan.eu\/index.php\/author\/admin2541\/"}]}},"_links":{"self":[{"href":"https:\/\/isokan.eu\/index.php\/wp-json\/wp\/v2\/posts\/3422","targetHints":{"allow":["GET"]}}],"collection":[{"href":"https:\/\/isokan.eu\/index.php\/wp-json\/wp\/v2\/posts"}],"about":[{"href":"https:\/\/isokan.eu\/index.php\/wp-json\/wp\/v2\/types\/post"}],"author":[{"embeddable":true,"href":"https:\/\/isokan.eu\/index.php\/wp-json\/wp\/v2\/users\/1"}],"replies":[{"embeddable":true,"href":"https:\/\/isokan.eu\/index.php\/wp-json\/wp\/v2\/comments?post=3422"}],"version-history":[{"count":10,"href":"https:\/\/isokan.eu\/index.php\/wp-json\/wp\/v2\/posts\/3422\/revisions"}],"predecessor-version":[{"id":3434,"href":"https:\/\/isokan.eu\/index.php\/wp-json\/wp\/v2\/posts\/3422\/revisions\/3434"}],"wp:featuredmedia":[{"embeddable":true,"href":"https:\/\/isokan.eu\/index.php\/wp-json\/wp\/v2\/media\/3424"}],"wp:attachment":[{"href":"https:\/\/isokan.eu\/index.php\/wp-json\/wp\/v2\/media?parent=3422"}],"wp:term":[{"taxonomy":"category","embeddable":true,"href":"https:\/\/isokan.eu\/index.php\/wp-json\/wp\/v2\/categories?post=3422"},{"taxonomy":"post_tag","embeddable":true,"href":"https:\/\/isokan.eu\/index.php\/wp-json\/wp\/v2\/tags?post=3422"}],"curies":[{"name":"wp","href":"https:\/\/api.w.org\/{rel}","templated":true}]}}